{"id":14858,"date":"2017-02-02T17:00:49","date_gmt":"2017-02-02T16:00:49","guid":{"rendered":"https:\/\/blog.somenergia.coop\/?p=14858"},"modified":"2017-03-06T14:59:08","modified_gmt":"2017-03-06T13:59:08","slug":"recta-final-dinscripcions-al-germinador-social-i-presentacio-del-jurat","status":"publish","type":"post","link":"https:\/\/www.germinadorsocial.com\/ca\/2017\/02\/02\/recta-final-dinscripcions-al-germinador-social-i-presentacio-del-jurat\/","title":{"rendered":"Recta final d\u2019inscripcions al Germinador Social i presentaci\u00f3 del jurat"},"content":{"rendered":"<p style=\"text-align: justify;\"><span style=\"font-weight: 400;\">Si esteu pensant a inscriure el vostre projecte al primer concurs d\u2019innovaci\u00f3 social per a la transici\u00f3 energ\u00e8tica, <\/span><a href=\"https:\/\/www.germinadorsocial.com\/ca\/\" target=\"_blank\"><b>ara \u00e9s el moment<\/b><\/a><span style=\"font-weight: 400;\">. El proper <\/span><b><i>15 de febrer<\/i><\/b><span style=\"font-weight: 400;\"> finalitzar\u00e0 el termini d\u2019inscripcions, aix\u00ed que ja queden menys de dues setmanes per presentar les propostes. <\/span><!--more--><\/p>\n<p style=\"text-align: justify;\"><b>La novetat \u00e9s que ja hi ha confirmats diversos membres del jurat d\u2019entitats ben diferents i representatives. <\/b><span style=\"font-weight: 400;\">Aix\u00ed doncs, comptarem amb una persona amb \u00e0mplia visi\u00f3 <\/span><span style=\"font-weight: 400;\">del moviment cooperatiu i energ\u00e8tic europeu, fundador d\u2019<strong>EcoPower<\/strong> i representant de la Federaci\u00f3 Europea de Cooperatives d\u2019Energia Renovable (<strong>REScoop<\/strong>) i una persona provinent <\/span><span style=\"font-weight: 400;\">de la<\/span><span style=\"font-weight: 400;\"> Plataforma por un Nuevo Modelo Energ\u00e9tico (<strong>Px1NME<\/strong>) que tamb\u00e9 treballa activament en la transici\u00f3 energ\u00e8tica dins l\u2019Administraci\u00f3 P\u00fablica. <\/span><\/p>\n<p style=\"text-align: justify;\"><span style=\"font-weight: 400;\">Tamb\u00e9 comptarem amb una persona responsable de la campanya d\u2019energies renovables i canvi clim\u00e0tic de <strong>Greenpeace Espa\u00f1a<\/strong> i una altra persona versada en la democr\u00e0cia i el control social dels mitjans de producci\u00f3 a la Xarxa per a la Sobirania Energ\u00e8tica (<strong>XES<\/strong>). La vessant social i la vessant t\u00e8cnica de <strong>Coop57<\/strong> estaran representades amb dues persones de la mateixa manera que dues persones representaran el Consell Rector i l\u2019Equip T\u00e8cnic de <strong>Som Energia<\/strong>.<\/span><\/p>\n<p style=\"text-align: justify;\">[box type=&#8221;shadow&#8221; align=&#8221;&#8221; class=&#8221;&#8221; width=&#8221;&#8221;]\n<p style=\"text-align: justify;\"><span style=\"font-weight: 400;\">Participar \u00e9s f\u00e0cil, nom\u00e9s cal que: <\/span><\/p>\n<ol style=\"text-align: justify;\">\n<ol style=\"text-align: justify;\">\n<ol style=\"text-align: justify;\">\n<li><span style=\"font-weight: 400;\"> Ompliu <\/span><a href=\"https:\/\/docs.google.com\/a\/somenergia.coop\/forms\/d\/e\/1FAIpQLSePX4OcAGta8FCxfA8sQv288NFz_T5hbtp8DTwQsJdcyQgTXA\/viewform?c=0&amp;w=1\" target=\"_blank\"><b>aquest formulari d\u2019inscripci\u00f3<\/b><\/a><\/li>\n<li><span style=\"font-weight: 400;\"> Adjunteu un <\/span><b>v\u00eddeo de presentaci\u00f3<\/b><span style=\"font-weight: 400;\"> de m\u00e0xim 3 minuts<\/span><\/li>\n<li><span style=\"font-weight: 400;\"> Ens envieu el pla de negoci, <\/span><a href=\"https:\/\/docs.google.com\/document\/d\/16v5ngORzUIzen4djKwGyPmPUql2ofzXCe0GicIuiv9E\/edit\" target=\"_blank\"><b>seguint aquesta guia<\/b><\/a><span style=\"font-weight: 400;\">, a <a href=\"mailto:registrar@www.germinadorsocial.com\" target=\"_blank\">registrar@www.germinadorsocial.com<\/a>.<\/span><\/li>\n<\/ol>\n<\/ol>\n<\/ol>\n[\/box]\n<p style=\"text-align: justify;\"><span style=\"font-weight: 400;\">Tal i com s\u2019indica a <\/span><a href=\"https:\/\/docs.google.com\/document\/d\/1GwdI9rYXYwva-eJoGKzeYWrYK0jopX4E6Hajm_ddGkM\/edit\" target=\"_blank\"><b>les bases del concurs<\/b><\/a><span style=\"font-weight: 400;\">, Som Energia destinar\u00e0 un import total de <\/span><b>25.000 \u20ac a distribuir entre els projectes seleccionats<\/b><span style=\"font-weight: 400;\"> i la Fundaci\u00f3 Coop57 bonificar\u00e0 una part dels costos financers d\u2019un possible pr\u00e9stec als guanyadors. \u00a0<\/span><\/p>\n<p style=\"text-align: justify;\"><span style=\"font-weight: 400;\">Us agrairem que feu extensiu aquest concurs a totes aquelles persones i entitats que penseu que els pugui interessar presentar-s&#8217;hi i tamb\u00e9 a totes aquelles que podrien col\u00b7laborar per tal de fer arribar aquest ajut com m\u00e9s lluny millor. \u00a0<\/span><\/p>\n<p style=\"text-align: justify;\"><a href=\"https:\/\/blog.somenergia.coop\/wp-content\/uploads\/2017\/02\/germinador-social.png\" target=\"_blank\"><img loading=\"lazy\" decoding=\"async\" class=\"aligncenter wp-image-14865 size-large\" src=\"https:\/\/blog.somenergia.coop\/wp-content\/uploads\/2017\/02\/germinador-social-1024x475.png\" alt=\"germinador-social\" width=\"618\" height=\"287\" \/><\/a><\/p>\n","protected":false},"excerpt":{"rendered":"<p>Si esteu pensant a inscriure el vostre projecte al primer concurs d\u2019innovaci\u00f3 social per a la transici\u00f3 energ\u00e8tica, ara \u00e9s el moment. El proper 15 de febrer finalitzar\u00e0 el termini d\u2019inscripcions, aix\u00ed que ja queden menys de dues setmanes per&hellip;<\/p>\n","protected":false},"author":2,"featured_media":15279,"comment_status":"open","ping_status":"open","sticky":false,"template":"","format":"standard","meta":{"inline_featured_image":false,"footnotes":""},"categories":[3],"tags":[],"class_list":["post-14858","post","type-post","status-publish","format-standard","has-post-thumbnail","hentry","category-germinador-social","entry","has-media"],"aioseo_notices":[],"_links":{"self":[{"href":"https:\/\/www.germinadorsocial.com\/ca\/wp-json\/wp\/v2\/posts\/14858","targetHints":{"allow":["GET"]}}],"collection":[{"href":"https:\/\/www.germinadorsocial.com\/ca\/wp-json\/wp\/v2\/posts"}],"about":[{"href":"https:\/\/www.germinadorsocial.com\/ca\/wp-json\/wp\/v2\/types\/post"}],"author":[{"embeddable":true,"href":"https:\/\/www.germinadorsocial.com\/ca\/wp-json\/wp\/v2\/users\/2"}],"replies":[{"embeddable":true,"href":"https:\/\/www.germinadorsocial.com\/ca\/wp-json\/wp\/v2\/comments?post=14858"}],"version-history":[{"count":0,"href":"https:\/\/www.germinadorsocial.com\/ca\/wp-json\/wp\/v2\/posts\/14858\/revisions"}],"wp:featuredmedia":[{"embeddable":true,"href":"https:\/\/www.germinadorsocial.com\/ca\/wp-json\/wp\/v2\/media\/15279"}],"wp:attachment":[{"href":"https:\/\/www.germinadorsocial.com\/ca\/wp-json\/wp\/v2\/media?parent=14858"}],"wp:term":[{"taxonomy":"category","embeddable":true,"href":"https:\/\/www.germinadorsocial.com\/ca\/wp-json\/wp\/v2\/categories?post=14858"},{"taxonomy":"post_tag","embeddable":true,"href":"https:\/\/www.germinadorsocial.com\/ca\/wp-json\/wp\/v2\/tags?post=14858"}],"curies":[{"name":"wp","href":"https:\/\/api.w.org\/{rel}","templated":true}]}}